{"id":553,"date":"2010-10-17T13:24:00","date_gmt":"2010-10-17T11:24:00","guid":{"rendered":"https:\/\/jkm.webkonzeption.info\/?p=553"},"modified":"2013-12-17T13:27:48","modified_gmt":"2013-12-17T12:27:48","slug":"brian-bender-and-little-shop-of-horas","status":"publish","type":"post","link":"https:\/\/juedischekulturmuenchen.de\/?p=553","title":{"rendered":"Brian Bender and Little Shop Of Horas"},"content":{"rendered":"<p><strong>Brian Bender Posaune<\/strong>, Piano und Melodika<br \/>\n<strong>Christian Dawid<\/strong>, Klarinette<br \/>\n<strong>Markus M\u00fcller Bass<\/strong>, Gesang<br \/>\n<strong>Bartek Stanzcyk<\/strong>, Akkordeon<br \/>\n<strong>Charles Rappaport<\/strong>, Violine<br \/>\n<strong>Alexander Maier Saxofon<\/strong>, Klarinette<br \/>\n<strong>Thilo J\u00f6rgl Percussions<\/strong>, Gitarre<br \/>\n<strong>Don Cerebro<\/strong>, Schlagzeug<\/p>\n<p>Der US-amerikanische Posaunist und Komponist Brian Bender ist in vielen Musikwelten zu Hause. \u00dcber seine famili\u00e4ren Wurzeln kam er mit Klezmer, der Instrumentalmusik der osteurop\u00e4ischen Juden, in Ber\u00fchrung. Mit seinem Programm \u201eEyn Velt \u2013 moderner Klezmer von Berlin bis Boston\u201c bringt er nun Musiker aus Berlin, Paris, M\u00fcnchen und den USA zusammen auf eine B\u00fchne. Spezieller Gast, der einmalig f\u00fcr das Konzert bei den J\u00fcdischen Kulturtagen gebildeten Formation, ist der Berliner Klarinettist Christian Dawid. Dawid ist u. a. bekannt durch seine Auftritte mit den Ensembles \u201eBrave Old World\u201c und \u201eFrank Londons Klezmer Brass All Stars\u201c und z\u00e4hlt heute zu den international f\u00fchrenden Klezmer-Klarinettisten. Auf dem Programm stehen bei Brian Bender and Little Shop Of Horas sowohl traditioneller Klezmer als auch andere Stilrichtungen wie Latin-Jazz, Swing und arabische Rhythmen. Ein Sound, der den \u201eEine-Welt-Gedanken\u201c erlebbar macht!<\/p>\n","protected":false},"excerpt":{"rendered":"<p>Brian Bender Posaune, Piano und Melodika Christian Dawid, Klarinette Markus M\u00fcller Bass, Gesang Bartek Stanzcyk, Akkordeon Charles Rappaport, Violine Alexander Maier Saxofon, Klarinette Thilo J\u00f6rgl Percussions, Gitarre Don Cerebro, Schlagzeug Der US-amerikanische Posaunist und Komponist Brian Bender ist in vielen Musikwelten zu Hause. \u00dcber seine famili\u00e4ren Wurzeln kam er mit Klezmer, der Instrumentalmusik der osteurop\u00e4ischen [&hellip;]<\/p>\n","protected":false},"author":2,"featured_media":555,"comment_status":"closed","ping_status":"closed","sticky":false,"template":"","format":"standard","meta":{"footnotes":""},"categories":[9],"tags":[],"class_list":["post-553","post","type-post","status-publish","format-standard","has-post-thumbnail","hentry","category-9"],"_links":{"self":[{"href":"https:\/\/juedischekulturmuenchen.de\/index.php?rest_route=\/wp\/v2\/posts\/553","targetHints":{"allow":["GET"]}}],"collection":[{"href":"https:\/\/juedischekulturmuenchen.de\/index.php?rest_route=\/wp\/v2\/posts"}],"about":[{"href":"https:\/\/juedischekulturmuenchen.de\/index.php?rest_route=\/wp\/v2\/types\/post"}],"author":[{"embeddable":true,"href":"https:\/\/juedischekulturmuenchen.de\/index.php?rest_route=\/wp\/v2\/users\/2"}],"replies":[{"embeddable":true,"href":"https:\/\/juedischekulturmuenchen.de\/index.php?rest_route=%2Fwp%2Fv2%2Fcomments&post=553"}],"version-history":[{"count":1,"href":"https:\/\/juedischekulturmuenchen.de\/index.php?rest_route=\/wp\/v2\/posts\/553\/revisions"}],"predecessor-version":[{"id":554,"href":"https:\/\/juedischekulturmuenchen.de\/index.php?rest_route=\/wp\/v2\/posts\/553\/revisions\/554"}],"wp:featuredmedia":[{"embeddable":true,"href":"https:\/\/juedischekulturmuenchen.de\/index.php?rest_route=\/wp\/v2\/media\/555"}],"wp:attachment":[{"href":"https:\/\/juedischekulturmuenchen.de\/index.php?rest_route=%2Fwp%2Fv2%2Fmedia&parent=553"}],"wp:term":[{"taxonomy":"category","embeddable":true,"href":"https:\/\/juedischekulturmuenchen.de\/index.php?rest_route=%2Fwp%2Fv2%2Fcategories&post=553"},{"taxonomy":"post_tag","embeddable":true,"href":"https:\/\/juedischekulturmuenchen.de\/index.php?rest_route=%2Fwp%2Fv2%2Ftags&post=553"}],"curies":[{"name":"wp","href":"https:\/\/api.w.org\/{rel}","templated":true}]}}