{"id":533,"date":"2010-10-17T13:08:46","date_gmt":"2010-10-17T11:08:46","guid":{"rendered":"https:\/\/jkm.webkonzeption.info\/?p=533"},"modified":"2013-12-17T13:12:57","modified_gmt":"2013-12-17T12:12:57","slug":"maxwell-street-klezmer-band","status":"publish","type":"post","link":"https:\/\/juedischekulturmuenchen.de\/?p=533","title":{"rendered":"Maxwell Street Klezmer Band"},"content":{"rendered":"<p><strong>Alex Koffman<\/strong>, Band Director, Violine und Gesang<br \/>\n<strong>Kimber Leigh Nussbaum<\/strong>, Gesang<br \/>\n<strong>James Cox<\/strong>, Bass<br \/>\n<strong>Donald Jacobs<\/strong>, Klarinette und Saxofon<br \/>\n<strong>Gail Mangurten<\/strong>, Piano<br \/>\n<strong>Mark Ponarovsky<\/strong>, Schlagzeug<br \/>\n<!--more--><br \/>\nInternationales Feeling darf bei einem Festival wie den J\u00fcdischen Kulturtagen M\u00fcnchen selbstverst\u00e4ndlich nicht fehlen. Deshalb performt die Maxwell Street Klezmer Band aus Chicago das Er\u00f6ffnungskonzert am 20. November. Nach dem \u201eMaxwell Street Market Place\u201c benannt, der einst die \u201eLower East Side\u201c Chicagos darstellte, hat sich die Band seit ihrer Gr\u00fcndung im Jahr 1983 in die Herzen vieler Klezmer-Fans gespielt und ist so zur beliebtesten Klezmer-Formation der USA avanciert. Ihr mitrei\u00dfendes Programm spannt den Bogen von der osteurop\u00e4ischen Klezmertradition \u00fcber bekannte Theatersongs bis hin zur jazzigen j\u00fcdischen Popmusik der 1930er und 1950er Jahre. <\/p>\n<p>Und eines ist sicher: Wer Klezmer mag, wird Maxwell Street lieben!<\/p>\n","protected":false},"excerpt":{"rendered":"<p>Alex Koffman, Band Director, Violine und Gesang Kimber Leigh Nussbaum, Gesang James Cox, Bass Donald Jacobs, Klarinette und Saxofon Gail Mangurten, Piano Mark Ponarovsky, Schlagzeug<\/p>\n","protected":false},"author":2,"featured_media":535,"comment_status":"closed","ping_status":"closed","sticky":false,"template":"","format":"standard","meta":{"footnotes":""},"categories":[9],"tags":[],"class_list":["post-533","post","type-post","status-publish","format-standard","has-post-thumbnail","hentry","category-9"],"_links":{"self":[{"href":"https:\/\/juedischekulturmuenchen.de\/index.php?rest_route=\/wp\/v2\/posts\/533","targetHints":{"allow":["GET"]}}],"collection":[{"href":"https:\/\/juedischekulturmuenchen.de\/index.php?rest_route=\/wp\/v2\/posts"}],"about":[{"href":"https:\/\/juedischekulturmuenchen.de\/index.php?rest_route=\/wp\/v2\/types\/post"}],"author":[{"embeddable":true,"href":"https:\/\/juedischekulturmuenchen.de\/index.php?rest_route=\/wp\/v2\/users\/2"}],"replies":[{"embeddable":true,"href":"https:\/\/juedischekulturmuenchen.de\/index.php?rest_route=%2Fwp%2Fv2%2Fcomments&post=533"}],"version-history":[{"count":4,"href":"https:\/\/juedischekulturmuenchen.de\/index.php?rest_route=\/wp\/v2\/posts\/533\/revisions"}],"predecessor-version":[{"id":538,"href":"https:\/\/juedischekulturmuenchen.de\/index.php?rest_route=\/wp\/v2\/posts\/533\/revisions\/538"}],"wp:featuredmedia":[{"embeddable":true,"href":"https:\/\/juedischekulturmuenchen.de\/index.php?rest_route=\/wp\/v2\/media\/535"}],"wp:attachment":[{"href":"https:\/\/juedischekulturmuenchen.de\/index.php?rest_route=%2Fwp%2Fv2%2Fmedia&parent=533"}],"wp:term":[{"taxonomy":"category","embeddable":true,"href":"https:\/\/juedischekulturmuenchen.de\/index.php?rest_route=%2Fwp%2Fv2%2Fcategories&post=533"},{"taxonomy":"post_tag","embeddable":true,"href":"https:\/\/juedischekulturmuenchen.de\/index.php?rest_route=%2Fwp%2Fv2%2Ftags&post=533"}],"curies":[{"name":"wp","href":"https:\/\/api.w.org\/{rel}","templated":true}]}}