{"id":27,"date":"2013-11-22T13:13:10","date_gmt":"2013-11-22T12:13:10","guid":{"rendered":"https:\/\/jkm.webkonzeption.info\/?p=27"},"modified":"2013-12-12T13:47:04","modified_gmt":"2013-12-12T12:47:04","slug":"hoffnung-trotz-allem-juedisches-leben-in-bayern-1945-bis-heute","status":"publish","type":"post","link":"https:\/\/juedischekulturmuenchen.de\/?p=27","title":{"rendered":"\u201eHoffnung trotz allem&#8230;\u201c"},"content":{"rendered":"<p><strong>Eine Ausstellung in memoriam Simon Snopkowski<\/strong><br \/>\n<!--more--><br \/>\nDie Ausstellung zeigt Aspekte des Wiederbeginns j\u00fcdischen Lebens und j\u00fcdischer Kultur in Bayern nach dem Ende der nationalsozialistischen Gewaltherrschaft. Sie dokumentiert zun\u00e4chst die Neuorganisation in den sogenannten DP-Lagern (DP=displaced persons). Dokumente und Bildmaterial vermitteln eine Vorstellung, welcher Willenskraft die physisch und seelisch entkr\u00e4fteten \u00dcberlebenden des Holocaust bedurften, um sich wieder in ein einigerma\u00dfen normales Leben zu integrieren.<\/p>\n<p>Im zweiten Teil vermittelt die Ausstellung Einblicke in den Neubeginn der j\u00fcdischen Gemeinden in Bayern und deren heutige Struktur unter dem Aspekt der j\u00fcdischen Zuwanderung aus den ehemaligen GUS-Staaten. Hier werden die Aufgaben des Landesverbands der israelitischen Kultusgemeinden in Bayern und seiner Mitgliedsgemeinden im Einzelnen beleuchtet.<\/p>\n<p>Fotomaterial und Begleittexten veranschaulichen das heutige Gemeindeleben. Der Ausstellungsbesucher erh\u00e4lt einen Eindruck von der Vielzahl der Synagogen und Gemeindezentren, die zum Teil aufgrund der Zuwanderung neuer Mitglieder aus den ehemaligen GUS-Staaten entstanden sind. Fotos von j\u00fcdischen Feiertagen wie das Neujahrs-  oder Laubh\u00fcttenfest sowie von Hochzeiten oder Bar Mizwas im Kreise einer fr\u00f6hlichen Gemeinde bestechen den Betrachter durch ihre Lebendigkeit und Aussagekraft. Aber auch Gedenkst\u00e4tten des Holocaust sowie die 123 geschlossenen j\u00fcdischen Friedh\u00f6fe in Bayern aus der Zeit vor der Vernichtung j\u00fcdischen Lebens sind Gegenstand der Ausstellung.<\/p>\n<p>Im Besonderen erinnert die Ausstellung an Simon Snopkowski sel. A. Sein Leben war exemplarisch f\u00fcr ein erfolgreiches Nachkriegsschicksal eines \u00dcberlebenden. Als langj\u00e4hriger Pr\u00e4sident des Landesverbandes der Israelitischen Kultusgemeinden in Bayern war er nicht zuletzt Initiator des Staatsvertrages zwischen den j\u00fcdischen Gemeinden und dem Freistaat Bayern, mit dem die Existenz dieser Gemeinden f\u00fcr die Zukunft gesichert wurde. Einen gro\u00dfen Beitrag zur Vermittlung j\u00fcdischer Kultur leistete Simon Snopkowski mit der <a href=\"https:\/\/juedischekulturmuenchen.de\/?page_id=11\" title=\"Wir \u00fcber uns\">Gr\u00fcndung der Gesellschaft zur F\u00f6rderung j\u00fcdischer Kultur und Tradition e.V.<\/a> im Jahre 1981, die diese Aufgabe \u00fcber seinen Tod hinaus weiterf\u00fchrt.<\/p>\n<p>Die Ausstellung wurde erstmals im <a href=\"http:\/\/www.bayern.landtag.de\/\" title=\"Bayerischer Landtag\" target=\"_blank\">Bayerischen Landtag<\/a> pr\u00e4sentiert.<br \/>\nWeitere Stationen waren das <a href=\"http:\/\/www.shalomeuropa.de\/\" title=\"J\u00fcdische Gemeinde- und Kulturzentrum Shalom Europa\" target=\"_blank\">J\u00fcdische Gemeinde- und Kulturzentrum Shalom Europa<\/a> in W\u00fcrzburg sowie die <a href=\"http:\/\/www.uni-bamberg.de\/ub\" title=\"Universit\u00e4tsbibliothek Bamberg\" target=\"_blank\">Universit\u00e4tsbibliothek Bamberg<\/a>.<\/p>\n<p>Eine Ausstellung der <a href=\"https:\/\/juedischekulturmuenchen.de\/?page_id=11\" title=\"Wir \u00fcber uns\">Gesellschaft zur F\u00f6rderung j\u00fcdischer Kultur und Tradition e.V.<\/a><br \/>\nin Zusammenarbeit mit dem <a href=\"http:\/\/www.ikg-bayern.de\/\" title=\"Landesverband der Israelitischen Kultusgemeinden in Bayern\" target=\"_blank\">Landesverband der Israelitischen Kultusgemeinden in Bayern<\/a>.<\/p>\n","protected":false},"excerpt":{"rendered":"<p>Eine Ausstellung in memoriam Simon Snopkowski<\/p>\n","protected":false},"author":2,"featured_media":0,"comment_status":"closed","ping_status":"closed","sticky":false,"template":"","format":"standard","meta":{"footnotes":""},"categories":[20],"tags":[],"class_list":["post-27","post","type-post","status-publish","format-standard","hentry","category-2009-austellungen"],"_links":{"self":[{"href":"https:\/\/juedischekulturmuenchen.de\/index.php?rest_route=\/wp\/v2\/posts\/27","targetHints":{"allow":["GET"]}}],"collection":[{"href":"https:\/\/juedischekulturmuenchen.de\/index.php?rest_route=\/wp\/v2\/posts"}],"about":[{"href":"https:\/\/juedischekulturmuenchen.de\/index.php?rest_route=\/wp\/v2\/types\/post"}],"author":[{"embeddable":true,"href":"https:\/\/juedischekulturmuenchen.de\/index.php?rest_route=\/wp\/v2\/users\/2"}],"replies":[{"embeddable":true,"href":"https:\/\/juedischekulturmuenchen.de\/index.php?rest_route=%2Fwp%2Fv2%2Fcomments&post=27"}],"version-history":[{"count":2,"href":"https:\/\/juedischekulturmuenchen.de\/index.php?rest_route=\/wp\/v2\/posts\/27\/revisions"}],"predecessor-version":[{"id":347,"href":"https:\/\/juedischekulturmuenchen.de\/index.php?rest_route=\/wp\/v2\/posts\/27\/revisions\/347"}],"wp:attachment":[{"href":"https:\/\/juedischekulturmuenchen.de\/index.php?rest_route=%2Fwp%2Fv2%2Fmedia&parent=27"}],"wp:term":[{"taxonomy":"category","embeddable":true,"href":"https:\/\/juedischekulturmuenchen.de\/index.php?rest_route=%2Fwp%2Fv2%2Fcategories&post=27"},{"taxonomy":"post_tag","embeddable":true,"href":"https:\/\/juedischekulturmuenchen.de\/index.php?rest_route=%2Fwp%2Fv2%2Ftags&post=27"}],"curies":[{"name":"wp","href":"https:\/\/api.w.org\/{rel}","templated":true}]}}