{"id":2259,"date":"2021-11-04T23:35:41","date_gmt":"2021-11-04T22:35:41","guid":{"rendered":"https:\/\/juedischekulturmuenchen.de\/?p=2259"},"modified":"2021-11-17T09:40:22","modified_gmt":"2021-11-17T08:40:22","slug":"35-juedischen-kulturtage-muenchen-2021","status":"publish","type":"post","link":"https:\/\/juedischekulturmuenchen.de\/?p=2259","title":{"rendered":"35. J\u00fcdischen Kulturtage M\u00fcnchen 2021"},"content":{"rendered":"<p style=\"text-align: left;\" align=\"center\">Ganz herzlich laden wir Euch<br \/>\nzur virtuellen Er\u00f6ffnung der<\/p>\n<p style=\"text-align: left;\" align=\"center\"><strong>35. J\u00fcdischen Kulturtage M\u00fcnchen Online<br \/>\n<\/strong>am 14. November 2021, 20:00 &#8211; 21:00 Uhr ein.<\/p>\n<p style=\"text-align: left;\" align=\"center\">Lasst Euch inspirieren vom\u00a0<strong>Jewish Chamber Orchestra Munich <\/strong>mit\u00a0 wunderbaren chassidischen Niggunim und mitrei\u00dfenden jiddischen Melodien.<\/p>\n<p style=\"text-align: left;\" align=\"center\"><strong>Pers\u00f6nlichkeiten aus Politik, Kunst und Kultur<\/strong> setzen mit ihren Gru\u00dfworten ein festes Zeichen f\u00fcr ein offenes Miteinander, Solidarit\u00e4t und Toleranz in unserer Gesellschaft.<\/p>\n<p style=\"text-align: left;\" align=\"center\">Wir freuen uns, wenn Ihr auch dieses Jahr wieder begeistert zuschaut und uns mit Euren zahlreichen Clicks unterst\u00fctzt, denn so tragen wir unsere j\u00fcdische Kultur im Herzen und hinaus in die ganze Welt.<\/p>\n<p style=\"text-align: left;\" align=\"center\">Hier unser Link zum Zuschauen:<br \/>\n<a href=\"http:\/\/www.juedischekulturtage-live.de\" target=\"_blank\" rel=\"noopener\">www.juedischekulturtage-live.de<\/a><br \/>\n<a href=\"http:\/\/www.facebook.com\/juedischekulturtage\" target=\"_blank\" rel=\"noopener\">www.facebook.com\/juedischekulturtage<\/a><\/p>\n<p style=\"text-align: left;\" align=\"center\">Unser ganzes Programm findet Ihr unten.<br \/>\n<a href=\"https:\/\/juedischekulturmuenchen.de\/wp-content\/uploads\/2021\/11\/Pressemitteilung-35-Ju\u0308dische-Kulturtage_2021.pdf\" target=\"_blank\" rel=\"noopener\">\u00bb zur Pressemitteilung<\/a><\/p>\n<p style=\"text-align: left;\" align=\"center\">Alles Liebe,<br \/>\nJudith Epstein<br \/>\nVorsitzende der Gesellschaft zur F\u00f6rderung j\u00fcdischer Kultur und Tradition e.V.<\/p>\n<hr \/>\n<p><strong>Programm der 35. J\u00fcdischen Kulturtage M\u00fcnchen 2021<\/strong><\/p>\n<p>Donnerstag, 11. November 2021, 20 Uhr, M\u00fcnchner Volkstheater, Tumblingerstr. 29, 80337 M\u00fcnchen<br \/>\n<strong>\u201eErlaubst du wohl, dir ein Geschichtchen zu erz\u00e4hlen?\u201c<\/strong><br \/>\n<strong>J\u00fcdische Lebenswege auf deutschen B\u00fchnen<br \/>\n<\/strong>Ein literarisch-musikalischer Abend<br \/>\nMusik: Jewish Chamber Orchestra \u00b7 Texte: Gesine Cukrowski und G\u00f6tz Otto<br \/>\nIn Kooperation mit der Volksb\u00fchne M\u00fcnchen e.V.<br \/>\n<a href=\"https:\/\/www.bund-deutscher-volksbuehnen.org\/1700-jahre-juedisches-leben-in-deutschland\/\" target=\"_blank\" rel=\"noopener\">zum Bund Deutscher Volksb\u00fchnen<\/a><br \/>\nKarten unter: <a href=\"https:\/\/muenchner-volkstheater.muenchenticket.net\/veranstaltung\/362666\" target=\"_blank\" rel=\"noopener\">\u00bb Volkstheater M\u00fcnchen Ticket<\/a><\/p>\n<p>Sonntag, 14. November 2021, 20 Uhr, Er\u00f6ffnungsabend Online \u2013 <a href=\"http:\/\/www.juedischekulturtage-live.de\" target=\"_blank\" rel=\"noopener\">www.juedischekulturtage-live.de<\/a><br \/>\n<strong>Chassidische Niggunim und jiddische Melodien<\/strong><br \/>\n<strong>Jewish Chamber Orchestra Munich<\/strong><br \/>\nGru\u00dfworte und Beitr\u00e4ge<\/p>\n<p>Dienstag, 16. November 2021, 13Uhr, Olaf-Gulbransson-Museum Tegernsee<br \/>\n<strong>\u201eMarc Chagall. Eine Liebesgeschichte. Daphnis &amp; Chlo\u00e9 und andere Werke\u201c<\/strong><br \/>\n<strong>F\u00fchrung durch die Ausstellung<br \/>\n<\/strong>In Kooperation mit der Olaf Gulbransson Gesellschaft e.V. Tegernsee<br \/>\n<a href=\"https:\/\/juedischekulturmuenchen.de\/wp-content\/uploads\/2021\/11\/Die%20Chagall-Fenster%20in%20Mainz%20Monsignore%20Klaus%20Mayer%20PP.pdf\" target=\"_blank\" rel=\"noopener\">\u00bb zum Weiterlesen: Die Chagall-Fenster in Mainz\u00a0<\/a><\/p>\n<p>Dienstag, 23. November 2021, 19 Uhr, J\u00fcdisches Museum M\u00fcnchen<br \/>\n<strong>Suchers Leidenschaften: Szenischer Vortrag \u201ePaul Celan\u201c<\/strong><br \/>\n<strong>mit C. Bernd Sucher und Ingrid Resch<br \/>\n<\/strong>In Kooperation mit der Liberalen J\u00fcdischen Gemeinde M\u00fcnchen Beth Shalom und dem J\u00fcdischen Museum M\u00fcnchen<br \/>\nAnmeldung \u00fcber <a href=\"https:\/\/eveeno.com\/Sucher_Resch_Beth_Shalom_2021\" target=\"_blank\" rel=\"noopener\">\u00bb eveeno<\/a><\/p>\n<p>Donnerstag, 25. November 2021, 11 Uhr, Online-Streaming \u2013 <a href=\"http:\/\/www.juedischekulturtage-live.de\" target=\"_blank\" rel=\"noopener\">www.juedischekulturtage-live.de<\/a><br \/>\n<strong>\u201eZahor \u2013 erinnere Dich\u201c, Film<br \/>\n<\/strong>Gru\u00dfwort von Werner Karg, Bayerisches Staatsministerium f\u00fcr Unterricht und Kultus<\/p>\n<p>Dienstag, 7. Dezember 2021, 18 Uhr, Gasteig M\u00fcnchen<br \/>\n<strong>\u201eLomir singen Liedelach\u201c \u2013 Jiddische Lieder und Melodien<\/strong><br \/>\n<strong>Stargast: Lea Kalisch<br \/>\n<\/strong>Luisa Pertsovska (Klavier) und j\u00fcdische S\u00e4nger*innen aus M\u00fcnchen<br \/>\nGru\u00dfworte: Dr. Ludwig Spaenle, Beauftragter der Bayerischen Staatsregierung f\u00fcr j\u00fcdisches Leben und gegen Antisemitismus \u00b7 Dr. Charlotte Knobloch, Pr\u00e4sidentin der IKG M\u00fcnchen und Oberbayern (angefragt)<\/p>\n<p><strong>KARTEN UNTER: <a href=\"https:\/\/www.muenchenticket.de\/\" target=\"_blank\" rel=\"noopener\">www.muenchenticket.de<\/a><\/strong><\/p>\n<p>Dezember 2021 oder Januar 2022 (genauer Termin wird noch bekannt gegeben)<br \/>\n<strong>L \u2019 Dor va Dor<br \/>\n<\/strong>Ein Generationengespr\u00e4ch \u00fcber die Entwicklung des Judentums in Deutschland<br \/>\nMit einem Gru\u00dfwort von Dr. Ludwig Spaenle,<br \/>\nBeauftragter der Bayerischen Staatsregierung f\u00fcr j\u00fcdisches Leben und gegen Antisemitismus<br \/>\nTeilnehmer: Laura Caz\u00e9s, Leeor Engl\u00e4nder, Dr. Charlotte Knobloch (angefragt), Benjamin N\u00e4gele, Richard C. Schneider \u00b7 Moderation: Ilanit Spinner<\/p>\n<p><a href=\"https:\/\/juedischekulturmuenchen.de\/wp-content\/uploads\/2021\/11\/20211106-jkt-sponsorenlogos.png\"><img loading=\"lazy\" decoding=\"async\" class=\"alignnone wp-image-2271\" src=\"https:\/\/juedischekulturmuenchen.de\/wp-content\/uploads\/2021\/11\/20211106-jkt-sponsorenlogos.png\" alt=\"\" width=\"625\" height=\"74\" srcset=\"https:\/\/juedischekulturmuenchen.de\/wp-content\/uploads\/2021\/11\/20211106-jkt-sponsorenlogos.png 600w, https:\/\/juedischekulturmuenchen.de\/wp-content\/uploads\/2021\/11\/20211106-jkt-sponsorenlogos-300x36.png 300w\" sizes=\"auto, (max-width: 625px) 100vw, 625px\" \/><\/a><\/p>\n","protected":false},"excerpt":{"rendered":"<p>Ganz herzlich laden wir Euch zur virtuellen Er\u00f6ffnung der 35. J\u00fcdischen Kulturtage M\u00fcnchen Online am 14. November 2021, 20:00 &#8211; 21:00 Uhr ein. Lasst Euch inspirieren vom\u00a0Jewish Chamber Orchestra Munich mit\u00a0 wunderbaren chassidischen Niggunim und mitrei\u00dfenden jiddischen Melodien. Pers\u00f6nlichkeiten aus Politik, Kunst und Kultur setzen mit ihren Gru\u00dfworten ein festes Zeichen f\u00fcr ein offenes Miteinander, [&hellip;]<\/p>\n","protected":false},"author":2,"featured_media":2260,"comment_status":"closed","ping_status":"closed","sticky":false,"template":"","format":"standard","meta":{"footnotes":""},"categories":[1],"tags":[],"class_list":["post-2259","post","type-post","status-publish","format-standard","has-post-thumbnail","hentry","category-aktuelles"],"_links":{"self":[{"href":"https:\/\/juedischekulturmuenchen.de\/index.php?rest_route=\/wp\/v2\/posts\/2259","targetHints":{"allow":["GET"]}}],"collection":[{"href":"https:\/\/juedischekulturmuenchen.de\/index.php?rest_route=\/wp\/v2\/posts"}],"about":[{"href":"https:\/\/juedischekulturmuenchen.de\/index.php?rest_route=\/wp\/v2\/types\/post"}],"author":[{"embeddable":true,"href":"https:\/\/juedischekulturmuenchen.de\/index.php?rest_route=\/wp\/v2\/users\/2"}],"replies":[{"embeddable":true,"href":"https:\/\/juedischekulturmuenchen.de\/index.php?rest_route=%2Fwp%2Fv2%2Fcomments&post=2259"}],"version-history":[{"count":21,"href":"https:\/\/juedischekulturmuenchen.de\/index.php?rest_route=\/wp\/v2\/posts\/2259\/revisions"}],"predecessor-version":[{"id":2291,"href":"https:\/\/juedischekulturmuenchen.de\/index.php?rest_route=\/wp\/v2\/posts\/2259\/revisions\/2291"}],"wp:featuredmedia":[{"embeddable":true,"href":"https:\/\/juedischekulturmuenchen.de\/index.php?rest_route=\/wp\/v2\/media\/2260"}],"wp:attachment":[{"href":"https:\/\/juedischekulturmuenchen.de\/index.php?rest_route=%2Fwp%2Fv2%2Fmedia&parent=2259"}],"wp:term":[{"taxonomy":"category","embeddable":true,"href":"https:\/\/juedischekulturmuenchen.de\/index.php?rest_route=%2Fwp%2Fv2%2Fcategories&post=2259"},{"taxonomy":"post_tag","embeddable":true,"href":"https:\/\/juedischekulturmuenchen.de\/index.php?rest_route=%2Fwp%2Fv2%2Ftags&post=2259"}],"curies":[{"name":"wp","href":"https:\/\/api.w.org\/{rel}","templated":true}]}}