{"id":1626,"date":"2016-09-05T10:39:12","date_gmt":"2016-09-05T08:39:12","guid":{"rendered":"https:\/\/jkm.webkonzeption.info\/?p=1626"},"modified":"2016-11-24T11:50:40","modified_gmt":"2016-11-24T10:50:40","slug":"zwischen-tradition-und-emanzipation-frauen-in-den-abrahamitischen-religionen","status":"publish","type":"post","link":"https:\/\/juedischekulturmuenchen.de\/?p=1626","title":{"rendered":"Zwischen Tradition und Emanzipation: Frauen in den abrahamitischen Religionen"},"content":{"rendered":"<p>Die Stellung der Frau in verschiedenen gesellschaftlichen Bereichen wird seit Jahrzehnten diskutiert, denn Religionen sind allesamt in m\u00e4nnlich dominierten Gesellschaften entstanden. Aber sind die gro\u00dfen monotheistischen Religionen, das Judentum, das Christentum und der Islam, denn auch heutzutage noch \u201eM\u00e4nnerreligionen\u201c? <\/p>\n<p>Es diskutieren:<br \/>\nDr. <strong>Antje Yael Deusel<\/strong>, Rabbinerin, Lehrbeauftragte im Fach Judaistik an der Universit\u00e4t Bamberg<br \/>\nProf. <strong>Johanna Haberer<\/strong>, evangelische Theologin, Journalistin und Professorin f\u00fcr Christliche Publizistik am Fachbereich Theologie der Friedrich-Alexander-Universit\u00e4t Erlangen-N\u00fcrnberg<br \/>\n<strong>Rabeya M\u00fcller<\/strong>, Theologin und Imamin, Gr\u00fcndungsmitglied des Liberal-Islamischen Bundes (LIB e.V)<br \/>\nund<strong> Lena Gorelik<\/strong>, Schriftstellerin. <\/p>\n<p>Moderation: <strong>Ellen Diehl<\/strong> (Bayernforum der Friedrich-Ebert-Stiftung)<\/p>\n<p>In Kooperation mit dem <a href=\"http:\/\/www.bayernforum.de\/veranstaltungen\/detail\/zwischen+tradition+und+emanzipation%3A+frauen+in+den+abrahamitischen+religionen+heute\/seminar\/548.html\">BayernForum der Friedrich-Ebert-Stiftung<\/a>.<br \/>\n<img decoding=\"async\" src=\"https:\/\/juedischekulturmuenchen.de\/wp-content\/uploads\/2016\/09\/FES_Logo.jpg\" alt=\"BayernForum\" \/><\/p>\n<p><strong>Eintritt frei<\/strong><\/p>\n","protected":false},"excerpt":{"rendered":"<p>Die Stellung der Frau in verschiedenen gesellschaftlichen Bereichen wird seit Jahrzehnten diskutiert, denn Religionen sind allesamt in m\u00e4nnlich dominierten Gesellschaften entstanden. Aber sind die gro\u00dfen monotheistischen Religionen, das Judentum, das Christentum und der Islam, denn auch heutzutage noch \u201eM\u00e4nnerreligionen\u201c? Es diskutieren: Dr. Antje Yael Deusel, Rabbinerin, Lehrbeauftragte im Fach Judaistik an der Universit\u00e4t Bamberg Prof. [&hellip;]<\/p>\n","protected":false},"author":2,"featured_media":1779,"comment_status":"closed","ping_status":"closed","sticky":false,"template":"","format":"standard","meta":{"footnotes":""},"categories":[2],"tags":[],"class_list":["post-1626","post","type-post","status-publish","format-standard","has-post-thumbnail","hentry","category-juedische-kulturtage"],"_links":{"self":[{"href":"https:\/\/juedischekulturmuenchen.de\/index.php?rest_route=\/wp\/v2\/posts\/1626","targetHints":{"allow":["GET"]}}],"collection":[{"href":"https:\/\/juedischekulturmuenchen.de\/index.php?rest_route=\/wp\/v2\/posts"}],"about":[{"href":"https:\/\/juedischekulturmuenchen.de\/index.php?rest_route=\/wp\/v2\/types\/post"}],"author":[{"embeddable":true,"href":"https:\/\/juedischekulturmuenchen.de\/index.php?rest_route=\/wp\/v2\/users\/2"}],"replies":[{"embeddable":true,"href":"https:\/\/juedischekulturmuenchen.de\/index.php?rest_route=%2Fwp%2Fv2%2Fcomments&post=1626"}],"version-history":[{"count":6,"href":"https:\/\/juedischekulturmuenchen.de\/index.php?rest_route=\/wp\/v2\/posts\/1626\/revisions"}],"predecessor-version":[{"id":1703,"href":"https:\/\/juedischekulturmuenchen.de\/index.php?rest_route=\/wp\/v2\/posts\/1626\/revisions\/1703"}],"wp:featuredmedia":[{"embeddable":true,"href":"https:\/\/juedischekulturmuenchen.de\/index.php?rest_route=\/wp\/v2\/media\/1779"}],"wp:attachment":[{"href":"https:\/\/juedischekulturmuenchen.de\/index.php?rest_route=%2Fwp%2Fv2%2Fmedia&parent=1626"}],"wp:term":[{"taxonomy":"category","embeddable":true,"href":"https:\/\/juedischekulturmuenchen.de\/index.php?rest_route=%2Fwp%2Fv2%2Fcategories&post=1626"},{"taxonomy":"post_tag","embeddable":true,"href":"https:\/\/juedischekulturmuenchen.de\/index.php?rest_route=%2Fwp%2Fv2%2Ftags&post=1626"}],"curies":[{"name":"wp","href":"https:\/\/api.w.org\/{rel}","templated":true}]}}